[{"@context":"https:\/\/schema.org\/","@type":"Article","@id":"https:\/\/www.fitlena.cz\/hlasem-pro-prirodu-jsou-platene-tasky-s-potiskem\/#Article","mainEntityOfPage":"https:\/\/www.fitlena.cz\/hlasem-pro-prirodu-jsou-platene-tasky-s-potiskem\/","headline":"Hlasem pro p\u0159\u00edrodu jsou pl\u00e1t\u011bn\u00e9 ta\u0161ky s potiskem","name":"Hlasem pro p\u0159\u00edrodu jsou pl\u00e1t\u011bn\u00e9 ta\u0161ky s potiskem","description":"V\u00a0posledn\u00edch letech se t\u00e9m\u011b\u0159 denn\u011b dozv\u00edd\u00e1me o n\u011bkter\u00e9 p\u0159\u00edrodn\u00ed katastrof\u011b. Jist\u011b jsou i toto sign\u00e1ly, \u017ee bychom se o.","datePublished":"2024-11-06","dateModified":"2024-11-06","author":{"@type":"Person","@id":"https:\/\/www.fitlena.cz\/author\/devene\/#Person","name":"devene","url":"https:\/\/www.fitlena.cz\/author\/devene\/","identifier":1,"image":{"@type":"ImageObject","@id":"https:\/\/secure.gravatar.com\/avatar\/6b1978a802e1d2522476d4f1a954a19e989b74ba84b3e15a182efb651cc75097?s=96&d=mm&r=g","url":"https:\/\/secure.gravatar.com\/avatar\/6b1978a802e1d2522476d4f1a954a19e989b74ba84b3e15a182efb651cc75097?s=96&d=mm&r=g","height":96,"width":96}},"publisher":{"@type":"Organization","name":"fitlena.cz","logo":{"@type":"ImageObject","@id":"\/logo.png","url":"\/logo.png","width":600,"height":60}},"url":"https:\/\/www.fitlena.cz\/hlasem-pro-prirodu-jsou-platene-tasky-s-potiskem\/","wordCount":232,"articleBody":"\tV\u00a0posledn\u00edch letech se t\u00e9m\u011b\u0159 denn\u011b dozv\u00edd\u00e1me o n\u011bkter\u00e9 p\u0159\u00edrodn\u00ed katastrof\u011b. Jist\u011b jsou i toto sign\u00e1ly, \u017ee bychom se o na\u0161e \u017eivotn\u00ed prost\u0159ed\u00ed m\u011bli v\u00edce starat a v\u00edce zaj\u00edmat. Jednotlivec sice nem\u016f\u017ee zm\u011bnit mnoho, ale u jednotlivc\u016f to pr\u00e1v\u011b za\u010d\u00edn\u00e1. I my bychom se m\u011bli starat o to, z\u00a0jak\u00fdch materi\u00e1l\u016f jsou produkty, kter\u00e9 nakupujeme, vyrobeny. A velkou kapitolou nen\u00ed jen jejich v\u00fdroba, ale i jejich balen\u00ed! Zabalen\u00edm do plastov\u00fdch obal\u016f, rozhodn\u011b nevys\u00edl\u00e1me do sv\u011bta p\u0159\u00edznivou zpr\u00e1vu. Co kdyby se va\u0161e spole\u010dnost p\u0159idala k\u00a0t\u011bm, kte\u0159\u00ed bal\u00ed zbo\u017e\u00ed ekologicky? Z\u00e1kazn\u00edci to jist\u011b ocen\u00ed!\tV\u00e1m na ekologii z\u00e1le\u017e\u00ed, uka\u017ete toSt\u00e1le na ulici potk\u00e1v\u00e1me celou \u0159adu na\u0161ich spoluob\u010dan\u016f, kte\u0159\u00ed si p\u0159en\u00e1\u0161ej\u00ed sv\u00e9 nutnosti, n\u00e1kupy a ostatn\u00ed nezbytnosti v\u00a0igelitk\u00e1ch. Na\u0161t\u011bst\u00ed u\u017e je tento trend na \u00fastupu a u velk\u00e9ho po\u010dtu osob u\u017e vid\u00edme nejr\u016fzn\u011bj\u0161\u00ed ko\u0161\u00edky, nebo bavln\u011bn\u00e9 kabely. I vy m\u016f\u017eete sv\u00e9 z\u00e1kazn\u00edky nau\u010dit, \u017ee na tom z\u00a0\u010deho je obal vyroben, z\u00e1le\u017e\u00ed. Pomohou v\u00e1m pl\u00e1t\u011bn\u00e9 ta\u0161ky s\u00a0potiskem. A dopln\u011bn\u00e9 o va\u0161e logo budou vypadat perfektn\u011b!                                                                                                                                                                                                                                                                                                                                                                                                "},{"@context":"https:\/\/schema.org\/","@type":"BreadcrumbList","itemListElement":[{"@type":"ListItem","position":1,"name":"Hlasem pro p\u0159\u00edrodu jsou pl\u00e1t\u011bn\u00e9 ta\u0161ky s potiskem","item":"https:\/\/www.fitlena.cz\/hlasem-pro-prirodu-jsou-platene-tasky-s-potiskem\/#breadcrumbitem"}]}]