[{"@context":"https:\/\/schema.org\/","@type":"Article","@id":"https:\/\/www.fitlena.cz\/doplnek-ktery-se-vam-bude-libit\/#Article","mainEntityOfPage":"https:\/\/www.fitlena.cz\/doplnek-ktery-se-vam-bude-libit\/","headline":"Dopln\u011bk, kter\u00fd se V\u00e1m bude l\u00edbit","name":"Dopln\u011bk, kter\u00fd se V\u00e1m bude l\u00edbit","description":"Zaujmout je mnohdy opravdu n\u00e1ro\u010dn\u00e9, to V\u00e1m pov\u00ed ka\u017ed\u00e1 \u017eena. Pokud chcete na svoje okol\u00ed ud\u011blat ten nejlep\u0161\u00ed dojem,.","datePublished":"2017-08-09","dateModified":"2023-04-28","author":{"@type":"Person","@id":"https:\/\/www.fitlena.cz\/author\/devene\/#Person","name":"devene","url":"https:\/\/www.fitlena.cz\/author\/devene\/","identifier":1,"image":{"@type":"ImageObject","@id":"https:\/\/secure.gravatar.com\/avatar\/6b1978a802e1d2522476d4f1a954a19e989b74ba84b3e15a182efb651cc75097?s=96&d=mm&r=g","url":"https:\/\/secure.gravatar.com\/avatar\/6b1978a802e1d2522476d4f1a954a19e989b74ba84b3e15a182efb651cc75097?s=96&d=mm&r=g","height":96,"width":96}},"publisher":{"@type":"Organization","name":"fitlena.cz","logo":{"@type":"ImageObject","@id":"\/logo.png","url":"\/logo.png","width":600,"height":60}},"image":{"@type":"ImageObject","@id":"https:\/\/www.fitlena.cz\/wp-content\/uploads\/img_a303609_w2038_t1514028023.jpg","url":"https:\/\/www.fitlena.cz\/wp-content\/uploads\/img_a303609_w2038_t1514028023.jpg","height":0,"width":0},"url":"https:\/\/www.fitlena.cz\/doplnek-ktery-se-vam-bude-libit\/","about":["Dovolen\u00e1"],"wordCount":380,"articleBody":"   Zaujmout je mnohdy opravdu n\u00e1ro\u010dn\u00e9, to V\u00e1m pov\u00ed ka\u017ed\u00e1 \u017eena. Pokud chcete na svoje okol\u00ed ud\u011blat ten nejlep\u0161\u00ed dojem, tak byste se m\u011bli zam\u011b\u0159it na n\u011bkolik v\u011bc\u00ed, kter\u00e9 nen\u00ed dobr\u00e9 podce\u0148ovat. Jednou z t\u011bchto v\u011bc\u00ed je mimo jin\u00e9 tak\u00e9 vzhled. Velice z\u00e1le\u017e\u00ed na tom, jak\u00e9 zvol\u00edte oble\u010den\u00ed, boty \u010di dopl\u0148ky. T\u0159eba takov\u00e1 kabelka by m\u011bla b\u00fdt vyb\u00edr\u00e1na opravdu pe\u010dliv\u011b, proto\u017ee se jedn\u00e1 o dopln\u011bk, kter\u00fd m\u00e1 snad ka\u017ed\u00e1 \u017eena po ruce. Zvolit ale takovou, kter\u00e1 se bude hodit v danou chv\u00edli, nemus\u00ed b\u00fdt zrovna jednoduch\u00e9. Dbejte tedy na to, aby bylo v\u0161echno slad\u011bn\u00e9 podle Va\u0161ich p\u0159edstav. Mo\u017enost\u00ed toti\u017e m\u00e1te pom\u011brn\u011b mnoho, a proto vsa\u010fte na takovou kabelku, kter\u00e1 V\u00e1m bude moct nab\u00eddnout v\u0161e, co byste mohli pot\u0159ebovat. Vybrat n\u011bco takov\u00e9ho ov\u0161em nemus\u00ed b\u00fdt zrovna jednoduch\u00e9, nab\u00eddka je na\u0161t\u011bst\u00ed \u0161irok\u00e1. Cht\u011bjte to prav\u00e9 zrovna pro V\u00e1s Vzhledem k tomu, jak je nab\u00eddka \u0161irok\u00e1, tak nen\u00ed a\u017e tak n\u00e1ro\u010dn\u00e9 naj\u00edt to, co by se V\u00e1m mohlo l\u00edbit. Vsa\u010fte tedy na mo\u017enosti, kter\u00e9 tu pro V\u00e1s jsou, a vyu\u017eijte jich. Nap\u0159\u00edklad takov\u00e1 ko\u017een\u00e1 kabelka p\u0159es rameno je velice elegantn\u00edm a praktick\u00fdm dopl\u0148kem, kter\u00fd budete m\u00edt v\u017edy po ruce. Um\u00edst\u00edte do n\u00ed to, co budete cht\u00edt m\u00edt u sebe, z\u00e1rove\u0148 se ov\u0161em tento dopln\u011bk postar\u00e1 o to, aby v\u0161echno vypadalo tak, jak by to m\u011blo b\u00fdt. D\u00edky tomu budete p\u016fsobit naprosto skv\u011ble. Pokud byste m\u011bli o takovou zaj\u00edmavou kabelku z\u00e1jem, tak nen\u00ed nic jednodu\u0161\u0161\u00edho ne\u017e to, \u017ee se pono\u0159\u00edte do \u0161irok\u00e9 nab\u00eddky, ve kter\u00e9 u\u017e najdete v\u0161e pot\u0159ebn\u00e9. Nebudete si tak muset s ni\u010d\u00edm d\u011blat starosti, proto\u017ee v\u017edy budete m\u00edt po ruce \u0161irokou nab\u00eddku dopl\u0148k\u016f, ze kter\u00fdch si budete moct naprosto kdykoliv vyb\u00edrat. Tak pro\u010d byste n\u011b\u010deho takov\u00e9ho nemohli vyu\u017e\u00edt ve sv\u016fj prosp\u011bch?                                                                                                                                                                                                                                                                                                                                                                                                  "},{"@context":"https:\/\/schema.org\/","@type":"BreadcrumbList","itemListElement":[{"@type":"ListItem","position":1,"name":"Dopln\u011bk, kter\u00fd se V\u00e1m bude l\u00edbit","item":"https:\/\/www.fitlena.cz\/doplnek-ktery-se-vam-bude-libit\/#breadcrumbitem"}]}]